{"id":191,"date":"2016-09-16T13:05:03","date_gmt":"2016-09-16T16:05:03","guid":{"rendered":"http:\/\/www.minasdosul.com.br\/?p=191"},"modified":"2016-09-16T13:06:09","modified_gmt":"2016-09-16T16:06:09","slug":"amv-e-laboratorio-boehring-realizam-campanha-contra-o-tabagismo","status":"publish","type":"post","link":"http:\/\/www.minasdosul.com.br\/?p=191","title":{"rendered":"AMV e Laborat\u00f3rio Boehring realizam campanha contra o tabagismo"},"content":{"rendered":"<p><a href=\"http:\/\/amv.org.br\/site\/wp-content\/uploads\/2016\/09\/A0-PreConven%C3%A7%C3%B5es-593.jpg\"><img loading=\"lazy\" decoding=\"async\" class=\"alignleft size-medium wp-image-2878\" src=\"http:\/\/amv.org.br\/site\/wp-content\/uploads\/2016\/09\/A0-PreConven%C3%A7%C3%B5es-593-300x225.jpg\" sizes=\"auto, (max-width: 300px) 100vw, 300px\" srcset=\"http:\/\/amv.org.br\/site\/wp-content\/uploads\/2016\/09\/A0-PreConven\u00e7\u00f5es-593-300x225.jpg 300w, http:\/\/amv.org.br\/site\/wp-content\/uploads\/2016\/09\/A0-PreConven\u00e7\u00f5es-593-768x576.jpg 768w, http:\/\/amv.org.br\/site\/wp-content\/uploads\/2016\/09\/A0-PreConven\u00e7\u00f5es-593-1024x768.jpg 1024w, http:\/\/amv.org.br\/site\/wp-content\/uploads\/2016\/09\/A0-PreConven\u00e7\u00f5es-593.jpg 1600w\" alt=\"a0-preconvencoes-593\" width=\"300\" height=\"225\" \/><\/a>\u00a0\u00a0 Com o intuito de alertar sobre os malef\u00edcios do cigarro e exaltar o Dia Nacional de Combate ao Fumo, a Associa\u00e7\u00e3o M\u00e9dica de Varginha, em parceria com o Laborat\u00f3rio Boehering Ingelheim do Brasil, promoveu uma a\u00e7\u00e3o no cal\u00e7ad\u00e3o da Wenceslau Braz, no centro, com a distribui\u00e7\u00e3o de material informativo e uma avalia\u00e7\u00e3o do grau de depend\u00eancia.<\/p>\n<p>&nbsp;<\/p>\n<p>&nbsp;<\/p>\n<p><a href=\"http:\/\/amv.org.br\/site\/wp-content\/uploads\/2016\/09\/A0-PreConven%C3%A7%C3%B5es-606.jpg\"><img loading=\"lazy\" decoding=\"async\" class=\"alignleft size-medium wp-image-2879\" src=\"http:\/\/amv.org.br\/site\/wp-content\/uploads\/2016\/09\/A0-PreConven%C3%A7%C3%B5es-606-300x225.jpg\" sizes=\"auto, (max-width: 300px) 100vw, 300px\" srcset=\"http:\/\/amv.org.br\/site\/wp-content\/uploads\/2016\/09\/A0-PreConven\u00e7\u00f5es-606-300x225.jpg 300w, http:\/\/amv.org.br\/site\/wp-content\/uploads\/2016\/09\/A0-PreConven\u00e7\u00f5es-606-768x576.jpg 768w, http:\/\/amv.org.br\/site\/wp-content\/uploads\/2016\/09\/A0-PreConven\u00e7\u00f5es-606-1024x768.jpg 1024w, http:\/\/amv.org.br\/site\/wp-content\/uploads\/2016\/09\/A0-PreConven\u00e7\u00f5es-606.jpg 1600w\" alt=\"a0-preconvencoes-606\" width=\"300\" height=\"225\" \/><\/a><\/p>\n<p>Quem compareceu, na segunda-feira (29\/08), das 10h \u00e1s 16h no Cal\u00e7ad\u00e3o da Rua Wenceslau Braz, passou inicialmente por uma triagem, por meio de question\u00e1rios, com acompanhamento da m\u00e9dica pneumologista Dr. K\u00e9lbia Micaela Fortunato.<\/p>\n<p>Segundo a m\u00e9dica Dra. K\u00e9lbia, que tamb\u00e9m \u00e9 diretora de esportes da AMV, \u201ca campanha tem o intuito de esclarecer e conscientizar a popula\u00e7\u00e3o quanto aos malef\u00edcios que o tabagismo causa \u00e0 sa\u00fade\u201d.<\/p>\n<p>O dia\u00a029 de agosto \u00e9 comemorado, no Brasil, o Dia Nacional de Combate ao Fumo<strong>,<\/strong> uma data institu\u00edda em 1986 pela lei n\u00ba 7488, que foi criada com o objetivo de conscientizar e mobilizar a popula\u00e7\u00e3o sobre os riscos decorrentes do uso do cigarro.<\/p>\n<p>De acordo com a Organiza\u00e7\u00e3o Mundial de Sa\u00fade (OMS), o tabagismo\u00a0\u00e9 a principal causa de morte evit\u00e1vel no planeta, sendo considerado, portanto, um problema de sa\u00fade p\u00fablica. Estima-se que cerca de 200 mil pessoas morram todo o ano no Brasil em decorr\u00eancia do fumo. Esse valor salta para cerca de 4,9 milh\u00f5es em perspectiva mundial.<\/p>\n<p><a href=\"http:\/\/amv.org.br\/site\/wp-content\/uploads\/2016\/09\/A0-PreConven%C3%A7%C3%B5es-607.jpg\"><img loading=\"lazy\" decoding=\"async\" class=\"alignleft size-medium wp-image-2880\" src=\"http:\/\/amv.org.br\/site\/wp-content\/uploads\/2016\/09\/A0-PreConven%C3%A7%C3%B5es-607-300x225.jpg\" sizes=\"auto, (max-width: 300px) 100vw, 300px\" srcset=\"http:\/\/amv.org.br\/site\/wp-content\/uploads\/2016\/09\/A0-PreConven\u00e7\u00f5es-607-300x225.jpg 300w, http:\/\/amv.org.br\/site\/wp-content\/uploads\/2016\/09\/A0-PreConven\u00e7\u00f5es-607-768x576.jpg 768w, http:\/\/amv.org.br\/site\/wp-content\/uploads\/2016\/09\/A0-PreConven\u00e7\u00f5es-607-1024x768.jpg 1024w, http:\/\/amv.org.br\/site\/wp-content\/uploads\/2016\/09\/A0-PreConven\u00e7\u00f5es-607.jpg 1600w\" alt=\"a0-preconvencoes-607\" width=\"300\" height=\"225\" \/><\/a><a href=\"http:\/\/amv.org.br\/site\/wp-content\/uploads\/2016\/09\/A0-PreConven%C3%A7%C3%B5es-609.jpg\"><img loading=\"lazy\" decoding=\"async\" class=\"alignleft size-medium wp-image-2881\" src=\"http:\/\/amv.org.br\/site\/wp-content\/uploads\/2016\/09\/A0-PreConven%C3%A7%C3%B5es-609-300x225.jpg\" sizes=\"auto, (max-width: 300px) 100vw, 300px\" srcset=\"http:\/\/amv.org.br\/site\/wp-content\/uploads\/2016\/09\/A0-PreConven\u00e7\u00f5es-609-300x225.jpg 300w, http:\/\/amv.org.br\/site\/wp-content\/uploads\/2016\/09\/A0-PreConven\u00e7\u00f5es-609-768x576.jpg 768w, http:\/\/amv.org.br\/site\/wp-content\/uploads\/2016\/09\/A0-PreConven\u00e7\u00f5es-609-1024x768.jpg 1024w, http:\/\/amv.org.br\/site\/wp-content\/uploads\/2016\/09\/A0-PreConven\u00e7\u00f5es-609.jpg 1600w\" alt=\"a0-preconvencoes-609\" width=\"300\" height=\"225\" \/><\/a><\/p>\n<p><a href=\"http:\/\/amv.org.br\/site\/wp-content\/uploads\/2016\/09\/A0-PreConven%C3%A7%C3%B5es-610.jpg\"><img loading=\"lazy\" decoding=\"async\" class=\"alignleft size-medium wp-image-2882\" src=\"http:\/\/amv.org.br\/site\/wp-content\/uploads\/2016\/09\/A0-PreConven%C3%A7%C3%B5es-610-300x225.jpg\" sizes=\"auto, (max-width: 300px) 100vw, 300px\" srcset=\"http:\/\/amv.org.br\/site\/wp-content\/uploads\/2016\/09\/A0-PreConven\u00e7\u00f5es-610-300x225.jpg 300w, http:\/\/amv.org.br\/site\/wp-content\/uploads\/2016\/09\/A0-PreConven\u00e7\u00f5es-610-768x576.jpg 768w, http:\/\/amv.org.br\/site\/wp-content\/uploads\/2016\/09\/A0-PreConven\u00e7\u00f5es-610-1024x768.jpg 1024w, http:\/\/amv.org.br\/site\/wp-content\/uploads\/2016\/09\/A0-PreConven\u00e7\u00f5es-610.jpg 1600w\" alt=\"a0-preconvencoes-610\" width=\"300\" height=\"225\" \/><\/a><\/p>\n","protected":false},"excerpt":{"rendered":"<p>\u00a0\u00a0 Com o intuito de alertar sobre os malef\u00edcios do cigarro e exaltar o Dia Nacional de Combate ao Fumo, a Associa\u00e7\u00e3o M\u00e9dica de Varginha, em parceria com o Laborat\u00f3rio Boehering Ingelheim do Brasil, promoveu uma a\u00e7\u00e3o no cal\u00e7ad\u00e3o da Wenceslau Braz, no centro, com a distribui\u00e7\u00e3o de material informativo e uma avalia\u00e7\u00e3o do grau [&hellip;]<\/p>\n","protected":false},"author":2,"featured_media":0,"comment_status":"open","ping_status":"closed","sticky":false,"template":"","format":"standard","meta":{"rop_custom_images_group":[],"rop_custom_messages_group":[],"rop_publish_now":"initial","rop_publish_now_accounts":[],"rop_publish_now_history":[],"rop_publish_now_status":"pending","footnotes":""},"categories":[1],"tags":[36,38,39,37],"class_list":["bg-stuff"],"_links":{"self":[{"href":"http:\/\/www.minasdosul.com.br\/index.php?rest_route=\/wp\/v2\/posts\/191","targetHints":{"allow":["GET"]}}],"collection":[{"href":"http:\/\/www.minasdosul.com.br\/index.php?rest_route=\/wp\/v2\/posts"}],"about":[{"href":"http:\/\/www.minasdosul.com.br\/index.php?rest_route=\/wp\/v2\/types\/post"}],"author":[{"embeddable":true,"href":"http:\/\/www.minasdosul.com.br\/index.php?rest_route=\/wp\/v2\/users\/2"}],"replies":[{"embeddable":true,"href":"http:\/\/www.minasdosul.com.br\/index.php?rest_route=%2Fwp%2Fv2%2Fcomments&post=191"}],"version-history":[{"count":2,"href":"http:\/\/www.minasdosul.com.br\/index.php?rest_route=\/wp\/v2\/posts\/191\/revisions"}],"predecessor-version":[{"id":193,"href":"http:\/\/www.minasdosul.com.br\/index.php?rest_route=\/wp\/v2\/posts\/191\/revisions\/193"}],"wp:attachment":[{"href":"http:\/\/www.minasdosul.com.br\/index.php?rest_route=%2Fwp%2Fv2%2Fmedia&parent=191"}],"wp:term":[{"taxonomy":"category","embeddable":true,"href":"http:\/\/www.minasdosul.com.br\/index.php?rest_route=%2Fwp%2Fv2%2Fcategories&post=191"},{"taxonomy":"post_tag","embeddable":true,"href":"http:\/\/www.minasdosul.com.br\/index.php?rest_route=%2Fwp%2Fv2%2Ftags&post=191"}],"curies":[{"name":"wp","href":"https:\/\/api.w.org\/{rel}","templated":true}]}}