{"id":187,"date":"2016-09-16T12:59:14","date_gmt":"2016-09-16T15:59:14","guid":{"rendered":"http:\/\/www.minasdosul.com.br\/?p=187"},"modified":"2016-09-17T14:50:34","modified_gmt":"2016-09-17T17:50:34","slug":"profilaxia-de-eventos-tromboembolicos","status":"publish","type":"post","link":"http:\/\/www.minasdosul.com.br\/?p=187","title":{"rendered":"Profilaxia de Eventos Tromboemb\u00f3licos"},"content":{"rendered":"<p style=\"text-align: justify;\">A Associa\u00e7\u00e3o m\u00e9dica de Varginha, com apoio da farmac\u00eautica Sanofi \u2013 uma das maiores empresas farmac\u00eauticos do mundo \u2013 promoveu uma Confer\u00eancia sobre Profilaxia de TEV (Profilaxia de Eventos Tromboemb\u00f3licos), em sua sede na avenida Rio Branco, dia 25 de agosto, tendo como palestrante Dr. Rog\u00e9rio Sad \u2013 coordenador da UTI dos hospitais Luxemburgo e Madre Tereza, ambos em Belo Horizonte. Sad \u00e9 m\u00e9dico infectologista da AMB- Associa\u00e7\u00e3o M\u00e9dica Brasileira.<\/p>\n<p>&nbsp;<\/p>\n<p style=\"text-align: justify;\"><a href=\"http:\/\/amv.org.br\/site\/wp-content\/uploads\/2016\/09\/A0-PreConven%C3%A7%C3%B5es-213.jpg\"><img loading=\"lazy\" decoding=\"async\" class=\"alignleft size-medium wp-image-2869\" src=\"http:\/\/amv.org.br\/site\/wp-content\/uploads\/2016\/09\/A0-PreConven%C3%A7%C3%B5es-213-300x225.jpg\" sizes=\"auto, (max-width: 300px) 100vw, 300px\" srcset=\"http:\/\/amv.org.br\/site\/wp-content\/uploads\/2016\/09\/A0-PreConven\u00e7\u00f5es-213-300x225.jpg 300w, http:\/\/amv.org.br\/site\/wp-content\/uploads\/2016\/09\/A0-PreConven\u00e7\u00f5es-213-768x576.jpg 768w, http:\/\/amv.org.br\/site\/wp-content\/uploads\/2016\/09\/A0-PreConven\u00e7\u00f5es-213-1024x768.jpg 1024w, http:\/\/amv.org.br\/site\/wp-content\/uploads\/2016\/09\/A0-PreConven\u00e7\u00f5es-213.jpg 1600w\" alt=\"a0-preconvencoes-213\" width=\"300\" height=\"225\" \/><\/a>\u00a0\u00a0 Sobre a confer\u00eancia que ia ministrar, disse Dr. Rog\u00e9rio Sad: \u201cN\u00f3s, hoje, vamos debater aqui nesta confer\u00eancia sobre profilaxia de trombose venosa profunda e embolia pulmonar. S\u00e3o temas de grande import\u00e2ncia de nossos hospitais, uma doen\u00e7a que acontece com uma frequ\u00eancia muito grande, que mata muitos pacientes e que tem um diagn\u00f3stico, na maioria das vezes, muito dif\u00edcil. A profilaxia tem uma import\u00e2ncia muito grande nisso, j\u00e1 que se conseguirmos evitar a doen\u00e7a, com certeza vai se evitar muitas mortes desnecess\u00e1rias dentro do hospital. E hoje isso tem uma relev\u00e2ncia maior em se tratando de seguran\u00e7a do paciente dentro do hospital, j\u00e1 que nos preocupa muito em levar o melhor cuidado poss\u00edvel para o doente, mas principalmente levar um cuidado seguro, um cuidado sem causar nenhum tipo de les\u00e3o extra. Ent\u00e3o, n\u00f3s vamos fazer uma discuss\u00e3o ampla sobre profilaxia em todas as especialidades m\u00e9dicas relacionadas, principalmente para os que est\u00e3o presente hoje aqui na Associa\u00e7\u00e3o M\u00e9dica de Varginha\u201d.<\/p>\n<p style=\"text-align: justify;\"><a href=\"http:\/\/amv.org.br\/site\/wp-content\/uploads\/2016\/09\/A0-PreConven%C3%A7%C3%B5es-215-1.jpg\"><img loading=\"lazy\" decoding=\"async\" class=\"alignleft size-medium wp-image-2871\" src=\"http:\/\/amv.org.br\/site\/wp-content\/uploads\/2016\/09\/A0-PreConven%C3%A7%C3%B5es-215-1-300x225.jpg\" sizes=\"auto, (max-width: 300px) 100vw, 300px\" srcset=\"http:\/\/amv.org.br\/site\/wp-content\/uploads\/2016\/09\/A0-PreConven\u00e7\u00f5es-215-1-300x225.jpg 300w, http:\/\/amv.org.br\/site\/wp-content\/uploads\/2016\/09\/A0-PreConven\u00e7\u00f5es-215-1-768x576.jpg 768w, http:\/\/amv.org.br\/site\/wp-content\/uploads\/2016\/09\/A0-PreConven\u00e7\u00f5es-215-1-1024x768.jpg 1024w, http:\/\/amv.org.br\/site\/wp-content\/uploads\/2016\/09\/A0-PreConven\u00e7\u00f5es-215-1.jpg 1600w\" alt=\"a0-preconvencoes-215\" width=\"300\" height=\"225\" \/><\/a>\u00a0\u00a0 Profilaxia \u00e9 um termo utilizado na medicina e na odontologia, que s\u00e3o medidas para prevenir ou atenuar doen\u00e7as. Na medicina, a profilaxia visa prevenir uma\u00a0doen\u00e7a atrav\u00e9s de diversas medidas que v\u00e3o desde procedimentos mais simples, como o uso de medicamentos, at\u00e9 aos mais complexos.<\/p>\n<p style=\"text-align: justify;\">O tromboembolismo venoso (TEV) engloba duas condi\u00e7\u00f5es frequentes, que s\u00e3o a trombose venosa profunda (TVP) e o tromboembolismo pulmonar (TEP), sendo esta a causa de morte evit\u00e1vel mais comum no paciente hospitalizado.<\/p>\n<p style=\"text-align: justify;\"><a href=\"http:\/\/amv.org.br\/site\/wp-content\/uploads\/2016\/09\/A0-PreConven%C3%A7%C3%B5es-221.jpg\"><img loading=\"lazy\" decoding=\"async\" class=\"alignleft size-medium wp-image-2872\" src=\"http:\/\/amv.org.br\/site\/wp-content\/uploads\/2016\/09\/A0-PreConven%C3%A7%C3%B5es-221-300x225.jpg\" sizes=\"auto, (max-width: 300px) 100vw, 300px\" srcset=\"http:\/\/amv.org.br\/site\/wp-content\/uploads\/2016\/09\/A0-PreConven\u00e7\u00f5es-221-300x225.jpg 300w, http:\/\/amv.org.br\/site\/wp-content\/uploads\/2016\/09\/A0-PreConven\u00e7\u00f5es-221-768x576.jpg 768w, http:\/\/amv.org.br\/site\/wp-content\/uploads\/2016\/09\/A0-PreConven\u00e7\u00f5es-221-1024x768.jpg 1024w, http:\/\/amv.org.br\/site\/wp-content\/uploads\/2016\/09\/A0-PreConven\u00e7\u00f5es-221.jpg 1600w\" alt=\"a0-preconvencoes-221\" width=\"300\" height=\"225\" \/><\/a>\u00a0\u00a0\u00a0 A indica\u00e7\u00e3o de profilaxia se baseia na alta frequ\u00eancia destas complica\u00e7\u00f5es e no fato da maioria dos pacientes ser assintom\u00e1tica ou cursar com sintomas inespec\u00edficos.<\/p>\n<p style=\"text-align: justify;\">A realiza\u00e7\u00e3o da profilaxia de eventos tromboemb\u00f3licos tem o objetivo de reduzir a ocorr\u00eancia de TVP (Trombose Venosa Profunda) e TEP (Tromboembolismo Pulmonar) e suas consequ\u00eancias, al\u00e9m de disponibilizar uma diretriz assistencial atualizada, apresentando uma recomenda\u00e7\u00e3o terap\u00eautica para a profilaxia do TEV (Tromboembolismo Venoso).<\/p>\n<p style=\"text-align: justify;\">Deve ser aplicada a todos os pacientes adultos internados num hospital.<\/p>\n","protected":false},"excerpt":{"rendered":"<p>A Associa\u00e7\u00e3o m\u00e9dica de Varginha, com apoio da farmac\u00eautica Sanofi \u2013 uma das maiores empresas farmac\u00eauticos do mundo \u2013 promoveu uma Confer\u00eancia sobre Profilaxia de TEV (Profilaxia de Eventos Tromboemb\u00f3licos), em sua sede na avenida Rio Branco, dia 25 de agosto, tendo como palestrante Dr. Rog\u00e9rio Sad \u2013 coordenador da UTI dos hospitais Luxemburgo e [&hellip;]<\/p>\n","protected":false},"author":2,"featured_media":237,"comment_status":"open","ping_status":"closed","sticky":false,"template":"","format":"standard","meta":{"rop_custom_images_group":[],"rop_custom_messages_group":[],"rop_publish_now":"initial","rop_publish_now_accounts":[],"rop_publish_now_history":[],"rop_publish_now_status":"pending","footnotes":""},"categories":[1],"tags":[36,34,33,35],"class_list":["bg-stuff"],"_links":{"self":[{"href":"http:\/\/www.minasdosul.com.br\/index.php?rest_route=\/wp\/v2\/posts\/187","targetHints":{"allow":["GET"]}}],"collection":[{"href":"http:\/\/www.minasdosul.com.br\/index.php?rest_route=\/wp\/v2\/posts"}],"about":[{"href":"http:\/\/www.minasdosul.com.br\/index.php?rest_route=\/wp\/v2\/types\/post"}],"author":[{"embeddable":true,"href":"http:\/\/www.minasdosul.com.br\/index.php?rest_route=\/wp\/v2\/users\/2"}],"replies":[{"embeddable":true,"href":"http:\/\/www.minasdosul.com.br\/index.php?rest_route=%2Fwp%2Fv2%2Fcomments&post=187"}],"version-history":[{"count":5,"href":"http:\/\/www.minasdosul.com.br\/index.php?rest_route=\/wp\/v2\/posts\/187\/revisions"}],"predecessor-version":[{"id":240,"href":"http:\/\/www.minasdosul.com.br\/index.php?rest_route=\/wp\/v2\/posts\/187\/revisions\/240"}],"wp:featuredmedia":[{"embeddable":true,"href":"http:\/\/www.minasdosul.com.br\/index.php?rest_route=\/wp\/v2\/media\/237"}],"wp:attachment":[{"href":"http:\/\/www.minasdosul.com.br\/index.php?rest_route=%2Fwp%2Fv2%2Fmedia&parent=187"}],"wp:term":[{"taxonomy":"category","embeddable":true,"href":"http:\/\/www.minasdosul.com.br\/index.php?rest_route=%2Fwp%2Fv2%2Fcategories&post=187"},{"taxonomy":"post_tag","embeddable":true,"href":"http:\/\/www.minasdosul.com.br\/index.php?rest_route=%2Fwp%2Fv2%2Ftags&post=187"}],"curies":[{"name":"wp","href":"https:\/\/api.w.org\/{rel}","templated":true}]}}